{"id":1826,"date":"2025-08-08T15:05:06","date_gmt":"2025-08-08T15:05:06","guid":{"rendered":"https:\/\/camtucuman.gob.ar\/accesible\/?p=1826"},"modified":"2025-08-12T15:06:20","modified_gmt":"2025-08-12T15:06:20","slug":"11-de-agosto-sesion-de-consejo-y-entrevistas","status":"publish","type":"post","link":"https:\/\/camtucuman.gob.ar\/accesible\/2025\/08\/08\/11-de-agosto-sesion-de-consejo-y-entrevistas\/","title":{"rendered":"11 de agosto: sesi\u00f3n de Consejo y entrevistas"},"content":{"rendered":"\n<p class=\"has-medium-font-size\">El Consejo Asesor de la Magistratura de Tucum\u00e1n (CAM) mantendr\u00e1 una nueva sesi\u00f3n el pr\u00f3ximo lunes 11 de agosto de 2025 a partir de las 8:30 horas. Adem\u00e1s de los puntos a tratar del orden del d\u00eda general, el Consejo tomar\u00e1 entrevistas en el marco de los&nbsp;<strong>Concursos n\u00b0334 y n\u00b0336<\/strong>&nbsp;(Juez\/a Civil en Familia y Sucesiones de la V Nominaci\u00f3n del Centro Judicial Capital y Juez\/a de Primera Instancia en lo Civil en Familia y Sucesiones de la I Nominaci\u00f3n del Centro Judicial del Este, respectivamente), con 26 postulantes en total.<\/p>\n\n\n\n<p class=\"has-medium-font-size\">Se recuerda a la ciudadan\u00eda que el CAM cuenta con un mecanismo de participaci\u00f3n por el cual se pueden proponer preguntas para ser realizadas durante las entrevistas, simplemente registr\u00e1ndose en esta&nbsp;<a href=\"https:\/\/camtucuman.gob.ar\/participacion-ciudadana\/\" target=\"_blank\" rel=\"noreferrer noopener\">secci\u00f3n<\/a>.<\/p>\n\n\n\n<p class=\"has-medium-font-size\">El orden del d\u00eda general se transmitir\u00e1 en vivo por el canal de&nbsp;<a href=\"https:\/\/youtube.com\/live\/UvC0LmqdHtY?feature=share\" target=\"_blank\" rel=\"noreferrer noopener\">YouTube<\/a>&nbsp;del CAM.&nbsp;El registro audiovisual de las entrevistas, como es habitual, estar\u00e1 luego disponible en dicho canal. Mientras que para presenciarlas en directo, v\u00eda Zoom, es necesario registrarse previamente&nbsp;<a href=\"https:\/\/camtucuman-gob-ar.zoom.us\/meeting\/register\/BvlzalXUS4q-Slac9G9oCA#\/registration\" target=\"_blank\" rel=\"noreferrer noopener\">aqu\u00ed<\/a>.&nbsp;<a href=\"https:\/\/camtucuman.gob.ar\/blog\/2025\/08\/08\/\"><\/a><\/p>\n","protected":false},"excerpt":{"rendered":"<p>El Consejo Asesor de la Magistratura de Tucum\u00e1n (CAM) mantendr\u00e1 una nueva sesi\u00f3n el pr\u00f3ximo lunes 11 de agosto de 2025 a partir de las 8:30 horas. Adem\u00e1s de los puntos a tratar del orden del d\u00eda general, el Consejo tomar\u00e1 entrevistas en el marco de los&nbsp;Concursos n\u00b0334 y n\u00b0336&nbsp;(Juez\/a Civil en Familia y Sucesiones&hellip;<\/p>\n","protected":false},"author":3,"featured_media":0,"comment_status":"closed","ping_status":"closed","sticky":false,"template":"","format":"standard","meta":{"ngg_post_thumbnail":0,"footnotes":""},"categories":[1],"tags":[],"class_list":["post-1826","post","type-post","status-publish","format-standard","hentry","category-noticias","category-1","description-off"],"_links":{"self":[{"href":"https:\/\/camtucuman.gob.ar\/accesible\/wp-json\/wp\/v2\/posts\/1826","targetHints":{"allow":["GET"]}}],"collection":[{"href":"https:\/\/camtucuman.gob.ar\/accesible\/wp-json\/wp\/v2\/posts"}],"about":[{"href":"https:\/\/camtucuman.gob.ar\/accesible\/wp-json\/wp\/v2\/types\/post"}],"author":[{"embeddable":true,"href":"https:\/\/camtucuman.gob.ar\/accesible\/wp-json\/wp\/v2\/users\/3"}],"replies":[{"embeddable":true,"href":"https:\/\/camtucuman.gob.ar\/accesible\/wp-json\/wp\/v2\/comments?post=1826"}],"version-history":[{"count":1,"href":"https:\/\/camtucuman.gob.ar\/accesible\/wp-json\/wp\/v2\/posts\/1826\/revisions"}],"predecessor-version":[{"id":1827,"href":"https:\/\/camtucuman.gob.ar\/accesible\/wp-json\/wp\/v2\/posts\/1826\/revisions\/1827"}],"wp:attachment":[{"href":"https:\/\/camtucuman.gob.ar\/accesible\/wp-json\/wp\/v2\/media?parent=1826"}],"wp:term":[{"taxonomy":"category","embeddable":true,"href":"https:\/\/camtucuman.gob.ar\/accesible\/wp-json\/wp\/v2\/categories?post=1826"},{"taxonomy":"post_tag","embeddable":true,"href":"https:\/\/camtucuman.gob.ar\/accesible\/wp-json\/wp\/v2\/tags?post=1826"}],"curies":[{"name":"wp","href":"https:\/\/api.w.org\/{rel}","templated":true}]}}