{"id":1795,"date":"2024-08-02T14:54:25","date_gmt":"2024-08-02T14:54:25","guid":{"rendered":"https:\/\/camtucuman.gob.ar\/accesible\/?p=1795"},"modified":"2024-08-02T14:55:10","modified_gmt":"2024-08-02T14:55:10","slug":"sesion-con-entrevistas-para-el-5-de-agosto","status":"publish","type":"post","link":"https:\/\/camtucuman.gob.ar\/accesible\/2024\/08\/02\/sesion-con-entrevistas-para-el-5-de-agosto\/","title":{"rendered":"Sesi\u00f3n con entrevistas para el 5 de agosto"},"content":{"rendered":"\n<p class=\"has-medium-font-size\">El pr\u00f3ximo lunes 5 de agosto de 2024 a 9 horas, el Consejo Asesor de la Magistratura de Tucum\u00e1n mantendr\u00e1 una nueva sesi\u00f3n en la cual tomar\u00e1 entrevistas de dos concursos:<\/p>\n\n\n\n<ul class=\"wp-block-list\">\n<li class=\"has-medium-font-size\">Concurso n\u00b0278 para Defensor\/a Oficial Penal del Centro Judicial del Este.\u00a0<\/li>\n\n\n\n<li class=\"has-medium-font-size\">Concurso n\u00b0312 para Defensor\/a Civil y del Trabajo, Itinerante, del Centro Judicial Capital.<\/li>\n<\/ul>\n\n\n\n<p class=\"has-medium-font-size\">Se recuerda a la ciudadan\u00eda que el CAM cuenta con un mecanismo de participaci\u00f3n por el cual se pueden proponer preguntas para ser realizadas por el Consejo durante las entrevistas de concursos, simplemente registr\u00e1ndose en esta&nbsp;<a href=\"https:\/\/camtucuman.gob.ar\/participacion-ciudadana\/\" target=\"_blank\" rel=\"noreferrer noopener\">secci\u00f3n<\/a>.<\/p>\n\n\n\n<p class=\"has-medium-font-size\">El orden del d\u00eda general se transmitir\u00e1 en vivo por el canal de <a href=\"https:\/\/youtube.com\/live\/YRCAVAz25kg?feature=share\" target=\"_blank\" rel=\"noreferrer noopener\">YouTube<\/a> del CAM. El registro audiovisual de las entrevistas estar\u00e1 luego disponible en el canal de YouTube del CAM, como es habitual. Para presenciarlas en directo, v\u00eda Zoom, es necesario registrarse previamente <a href=\"https:\/\/camtucuman-gob-ar.zoom.us\/meeting\/register\/tZ0sc-utrTwrHtEYfAJV7JJHOi8OAEp5IZi7#\/registration\" target=\"_blank\" rel=\"noreferrer noopener\">aqu\u00ed<\/a>.&nbsp;<\/p>\n","protected":false},"excerpt":{"rendered":"<p>El pr\u00f3ximo lunes 5 de agosto de 2024 a 9 horas, el Consejo Asesor de la Magistratura de Tucum\u00e1n mantendr\u00e1 una nueva sesi\u00f3n en la cual tomar\u00e1 entrevistas de dos concursos: Se recuerda a la ciudadan\u00eda que el CAM cuenta con un mecanismo de participaci\u00f3n por el cual se pueden proponer preguntas para ser realizadas&hellip;<\/p>\n","protected":false},"author":3,"featured_media":0,"comment_status":"closed","ping_status":"closed","sticky":false,"template":"","format":"standard","meta":{"ngg_post_thumbnail":0,"footnotes":""},"categories":[1],"tags":[],"class_list":["post-1795","post","type-post","status-publish","format-standard","hentry","category-noticias","category-1","description-off"],"_links":{"self":[{"href":"https:\/\/camtucuman.gob.ar\/accesible\/wp-json\/wp\/v2\/posts\/1795","targetHints":{"allow":["GET"]}}],"collection":[{"href":"https:\/\/camtucuman.gob.ar\/accesible\/wp-json\/wp\/v2\/posts"}],"about":[{"href":"https:\/\/camtucuman.gob.ar\/accesible\/wp-json\/wp\/v2\/types\/post"}],"author":[{"embeddable":true,"href":"https:\/\/camtucuman.gob.ar\/accesible\/wp-json\/wp\/v2\/users\/3"}],"replies":[{"embeddable":true,"href":"https:\/\/camtucuman.gob.ar\/accesible\/wp-json\/wp\/v2\/comments?post=1795"}],"version-history":[{"count":2,"href":"https:\/\/camtucuman.gob.ar\/accesible\/wp-json\/wp\/v2\/posts\/1795\/revisions"}],"predecessor-version":[{"id":1797,"href":"https:\/\/camtucuman.gob.ar\/accesible\/wp-json\/wp\/v2\/posts\/1795\/revisions\/1797"}],"wp:attachment":[{"href":"https:\/\/camtucuman.gob.ar\/accesible\/wp-json\/wp\/v2\/media?parent=1795"}],"wp:term":[{"taxonomy":"category","embeddable":true,"href":"https:\/\/camtucuman.gob.ar\/accesible\/wp-json\/wp\/v2\/categories?post=1795"},{"taxonomy":"post_tag","embeddable":true,"href":"https:\/\/camtucuman.gob.ar\/accesible\/wp-json\/wp\/v2\/tags?post=1795"}],"curies":[{"name":"wp","href":"https:\/\/api.w.org\/{rel}","templated":true}]}}